{"id":856,"date":"2018-08-02T16:11:33","date_gmt":"2018-08-02T16:11:33","guid":{"rendered":"https:\/\/afunpar.cl\/web\/?p=856"},"modified":"2018-08-02T16:11:33","modified_gmt":"2018-08-02T16:11:33","slug":"comision-de-regimen-interno-accede-a-peticion-por-uniformes-de-secretarias","status":"publish","type":"post","link":"https:\/\/afunpar.cl\/v2\/2018\/08\/02\/comision-de-regimen-interno-accede-a-peticion-por-uniformes-de-secretarias\/","title":{"rendered":"Comisi\u00f3n de R\u00e9gimen Interno accede a petici\u00f3n por uniformes de Secretarias"},"content":{"rendered":"<p>A trav\u00e9s de un Oficio Dirigido a la Mesa de la Asociaci\u00f3n, el Vicepresidente de la C\u00e1mara de Diputados y Presidente de la Comisi\u00f3n Personal de la Corporaci\u00f3n, Mario Venegas, inform\u00f3 que la Comisi\u00f3n de R\u00e9gimen Interno y Reglamento, acord\u00f3 autorizar la entrega de uniformes a las Secretarias de Diputados, a\u00fan cuando \u00e9stas ejercieran dicha labor para dos parlamentarios.<\/p>\n<p>Queremos agradecer el apoyo expresado por los Jefes de Bancada que, unido a nuestra constante b\u00fasqueda de mejoras para las y los colegas, permitieron lograr que el beneficio fuese para todas las Secretarias de los Equipos Parlamentarios que se desempe\u00f1an en dependencias la C\u00e1mara.<\/p>\n<p>Seguiremos trabajando en la b\u00fasqueda de beneficios y esperando que las dem\u00e1s peticiones realizadas (pueden ver notas anteriores), tanto a la Mesa, Secretar\u00eda General y Comisi\u00f3n Personal de la C\u00e1mara, sean acogidas a la brevedad.<\/p>\n<p>\u00a1Un afectuoso saludo a todas nuestras colegas Secretarias!.<\/p>\n<p>&nbsp;<\/p>\n<p>Oficio:\u00a0<img fetchpriority=\"high\" decoding=\"async\" class=\"alignnone size-medium wp-image-858\" src=\"https:\/\/afunpar.cl\/web\/wp-content\/uploads\/2018\/08\/001-218x300.jpg\" alt=\"\" width=\"218\" height=\"300\" srcset=\"https:\/\/afunpar.cl\/v2\/wp-content\/uploads\/2018\/08\/001-218x300.jpg 218w, https:\/\/afunpar.cl\/v2\/wp-content\/uploads\/2018\/08\/001-745x1024.jpg 745w, https:\/\/afunpar.cl\/v2\/wp-content\/uploads\/2018\/08\/001-768x1056.jpg 768w, https:\/\/afunpar.cl\/v2\/wp-content\/uploads\/2018\/08\/001-1117x1536.jpg 1117w, https:\/\/afunpar.cl\/v2\/wp-content\/uploads\/2018\/08\/001-1489x2048.jpg 1489w, https:\/\/afunpar.cl\/v2\/wp-content\/uploads\/2018\/08\/001.jpg 1700w\" sizes=\"(max-width: 218px) 100vw, 218px\" \/><\/p>\n<p>&nbsp;<\/p>\n<p>&nbsp;<\/p>\n","protected":false},"excerpt":{"rendered":"<p>A trav\u00e9s de un Oficio Dirigido a la Mesa de la Asociaci\u00f3n, el Vicepresidente de la C\u00e1mara de Diputados y Presidente de la Comisi\u00f3n Personal de la Corporaci\u00f3n, Mario Venegas, inform\u00f3 que la Comisi\u00f3n de R\u00e9gimen Interno y Reglamento, acord\u00f3 autorizar la entrega de uniformes a las Secretarias de Diputados, a\u00fan cuando \u00e9stas ejercieran dicha [&hellip;]<\/p>\n","protected":false},"author":2,"featured_media":857,"comment_status":"closed","ping_status":"closed","sticky":false,"template":"","format":"standard","meta":{"footnotes":""},"categories":[11],"tags":[],"class_list":["post-856","post","type-post","status-publish","format-standard","has-post-thumbnail","hentry","category-gestion-directorio"],"_links":{"self":[{"href":"https:\/\/afunpar.cl\/v2\/wp-json\/wp\/v2\/posts\/856","targetHints":{"allow":["GET"]}}],"collection":[{"href":"https:\/\/afunpar.cl\/v2\/wp-json\/wp\/v2\/posts"}],"about":[{"href":"https:\/\/afunpar.cl\/v2\/wp-json\/wp\/v2\/types\/post"}],"author":[{"embeddable":true,"href":"https:\/\/afunpar.cl\/v2\/wp-json\/wp\/v2\/users\/2"}],"replies":[{"embeddable":true,"href":"https:\/\/afunpar.cl\/v2\/wp-json\/wp\/v2\/comments?post=856"}],"version-history":[{"count":0,"href":"https:\/\/afunpar.cl\/v2\/wp-json\/wp\/v2\/posts\/856\/revisions"}],"wp:featuredmedia":[{"embeddable":true,"href":"https:\/\/afunpar.cl\/v2\/wp-json\/wp\/v2\/media\/857"}],"wp:attachment":[{"href":"https:\/\/afunpar.cl\/v2\/wp-json\/wp\/v2\/media?parent=856"}],"wp:term":[{"taxonomy":"category","embeddable":true,"href":"https:\/\/afunpar.cl\/v2\/wp-json\/wp\/v2\/categories?post=856"},{"taxonomy":"post_tag","embeddable":true,"href":"https:\/\/afunpar.cl\/v2\/wp-json\/wp\/v2\/tags?post=856"}],"curies":[{"name":"wp","href":"https:\/\/api.w.org\/{rel}","templated":true}]}}