{"id":1976,"date":"2021-12-23T19:29:14","date_gmt":"2021-12-23T19:29:14","guid":{"rendered":"https:\/\/afunpar.cl\/web\/?p=1976"},"modified":"2023-07-20T18:44:31","modified_gmt":"2023-07-20T22:44:31","slug":"reajuste-para-personal-de-apoyo-parlamentario-sera-del-4-4","status":"publish","type":"post","link":"https:\/\/afunpar.cl\/v2\/2021\/12\/23\/reajuste-para-personal-de-apoyo-parlamentario-sera-del-4-4\/","title":{"rendered":"REAJUSTE PARA PERSONAL DE APOYO PARLAMENTARIO SER\u00c1 DEL 4.4%"},"content":{"rendered":"<p>Estimadas y estimados colegas:<\/p>\n<ul>\n<li>Considerando que a nivel de pasillo se ha estado informando distintos guarismos en torno al REAJUSTE para el Personal de Apoyo Parlamentario, nos hacemos un deber en se\u00f1alar:<\/li>\n<li>El monto original informado por la Secretar\u00eda General fue del 3%, sin distingo de sueldo.<\/li>\n<li>Como Asociaci\u00f3n, hicimos presente nuestra molestia al presidente de la Corporaci\u00f3n, Diputado Diego Paulsen; lo mismo que secretario general, Miguel Landeros, con quien hemos mantenido conversaciones permanentes sobre la materia, con el prop\u00f3sito de acercar posiciones.<\/li>\n<li>Creo de justicia se\u00f1alar que el secretario general se mostr\u00f3 abierto a buscar una cifra que, a lo menos, se acercara al 6,1%, cuesti\u00f3n que siempre hemos insistido es de justicia.<\/li>\n<li>Es as\u00ed que el pr\u00f3ximo lunes, el Consejo Resolutivo, deber\u00e1 evacuar un oficio en donde se indicar\u00e1 que contar de enero se reajustar\u00e1 las remuneraciones del Personal de Apoyo Parlamentario en un <strong>4,4%.<\/strong><\/li>\n<li>Finalmente, indicar que el mi\u00e9rcoles 29 de diciembre, como Directiva, sostendremos una nueva reuni\u00f3n con el Secretario General, con el objetivo de concordar criterios en torno a los procesos de contrataci\u00f3n y otros para el per\u00edodo 2022-2026.<\/li>\n<\/ul>\n<p style=\"text-align: center;\"><strong>DIRECTIVA AFUNPAR<\/strong><\/p>\n<p style=\"text-align: center;\"><strong>\u00a0<\/strong><\/p>\n<p><strong>\u00a0<\/strong><\/p>\n<p>Valpara\u00edso, diciembre 23 de 2021<\/p>\n","protected":false},"excerpt":{"rendered":"<p>Estimadas y estimados colegas: Considerando que a nivel de pasillo se ha estado informando distintos guarismos en torno al REAJUSTE para el Personal de Apoyo Parlamentario, nos hacemos un deber en se\u00f1alar: El monto original informado por la Secretar\u00eda General fue del 3%, sin distingo de sueldo. Como Asociaci\u00f3n, hicimos presente nuestra molestia al presidente [&hellip;]<\/p>\n","protected":false},"author":2,"featured_media":3675,"comment_status":"closed","ping_status":"closed","sticky":false,"template":"","format":"standard","meta":{"footnotes":""},"categories":[11],"tags":[],"class_list":["post-1976","post","type-post","status-publish","format-standard","has-post-thumbnail","hentry","category-gestion-directorio"],"_links":{"self":[{"href":"https:\/\/afunpar.cl\/v2\/wp-json\/wp\/v2\/posts\/1976","targetHints":{"allow":["GET"]}}],"collection":[{"href":"https:\/\/afunpar.cl\/v2\/wp-json\/wp\/v2\/posts"}],"about":[{"href":"https:\/\/afunpar.cl\/v2\/wp-json\/wp\/v2\/types\/post"}],"author":[{"embeddable":true,"href":"https:\/\/afunpar.cl\/v2\/wp-json\/wp\/v2\/users\/2"}],"replies":[{"embeddable":true,"href":"https:\/\/afunpar.cl\/v2\/wp-json\/wp\/v2\/comments?post=1976"}],"version-history":[{"count":0,"href":"https:\/\/afunpar.cl\/v2\/wp-json\/wp\/v2\/posts\/1976\/revisions"}],"wp:featuredmedia":[{"embeddable":true,"href":"https:\/\/afunpar.cl\/v2\/wp-json\/wp\/v2\/media\/3675"}],"wp:attachment":[{"href":"https:\/\/afunpar.cl\/v2\/wp-json\/wp\/v2\/media?parent=1976"}],"wp:term":[{"taxonomy":"category","embeddable":true,"href":"https:\/\/afunpar.cl\/v2\/wp-json\/wp\/v2\/categories?post=1976"},{"taxonomy":"post_tag","embeddable":true,"href":"https:\/\/afunpar.cl\/v2\/wp-json\/wp\/v2\/tags?post=1976"}],"curies":[{"name":"wp","href":"https:\/\/api.w.org\/{rel}","templated":true}]}}